{"id":600,"date":"2025-04-09T16:17:35","date_gmt":"2025-04-09T14:17:35","guid":{"rendered":"https:\/\/www.bbboeheimkirchen.at\/?p=600"},"modified":"2025-05-26T15:13:55","modified_gmt":"2025-05-26T13:13:55","slug":"deine-uebernachtung-fuer-das-frequency-festival","status":"publish","type":"post","link":"https:\/\/www.bbboeheimkirchen.at\/en\/2025\/04\/09\/deine-uebernachtung-fuer-das-frequency-festival\/","title":{"rendered":"Deine \u00dcbernachtung f\u00fcr das Frequency Festival"},"content":{"rendered":"<div data-elementor-type=\"wp-post\" data-elementor-id=\"600\" class=\"elementor elementor-600\">\n\t\t\t\t\t\t<section class=\"elementor-section elementor-top-section elementor-element elementor-element-f6abbf5 elementor-section-boxed elementor-section-height-default elementor-section-height-default\" data-id=\"f6abbf5\" data-element_type=\"section\" data-e-type=\"section\">\n\t\t\t\t\t\t<div class=\"elementor-container elementor-column-gap-default\">\n\t\t\t\t\t<div class=\"elementor-column elementor-col-100 elementor-top-column elementor-element elementor-element-4b44f6b\" data-id=\"4b44f6b\" data-element_type=\"column\" data-e-type=\"column\">\n\t\t\t<div class=\"elementor-widget-wrap elementor-element-populated\">\n\t\t\t\t\t\t<div class=\"elementor-element elementor-element-3932a3e elementor-widget elementor-widget-text-editor\" data-id=\"3932a3e\" data-element_type=\"widget\" data-e-type=\"widget\" data-widget_type=\"text-editor.default\">\n\t\t\t\t<div class=\"elementor-widget-container\">\n\t\t\t\t\t\t\t\t\t<p class=\"MsoNormal\"><span style=\"color: inherit; font-family: inherit; font-size: inherit; font-style: inherit; font-weight: inherit;\">Von 13. August \u2013 15. August 2025 steht wieder eines der gr\u00f6\u00dften Festivals des Landes an: das Frequency Festival in St. P\u00f6lten. Du liebst Musik, Tanzen und Feiern, doch hast keine Lust auf Camping, Glamping, Zelthotel und Co.? Dann \u00fcbernachte doch in einer ruhigen Fr\u00fchst\u00fcckpension abseits von jeglichem L\u00e4rm und Trubel.<\/span><\/p><h3><span style=\"color: #b5c3d9;\">Frequency Festival: \u00dcbernachten in einer ruhigen Ferienunterkunft<\/span><\/h3><p class=\"MsoNormal\">In der Fr\u00fchst\u00fcckspension Bed &amp; Breakfast Braunsteiner in B\u00f6heimkirchen kannst du dich nach einem langen Tag am Festivalgel\u00e4nde erholen, frische Luft schnappen und dich in Ruhe auf den n\u00e4chsten Tag vorbereiten. Drei separate Apartments sowie eine Gemeinschaftsk\u00fcche f\u00fcr den Kaffee am Morgen stehen den Festivalbesucher: innen zur Verf\u00fcgung.<\/p>\t\t\t\t\t\t\t\t<\/div>\n\t\t\t\t<\/div>\n\t\t\t\t\t<\/div>\n\t\t<\/div>\n\t\t\t\t\t<\/div>\n\t\t<\/section>\n\t\t\t\t<section class=\"elementor-section elementor-top-section elementor-element elementor-element-68d0fc8 elementor-section-boxed elementor-section-height-default elementor-section-height-default\" data-id=\"68d0fc8\" data-element_type=\"section\" data-e-type=\"section\">\n\t\t\t\t\t\t<div class=\"elementor-container elementor-column-gap-default\">\n\t\t\t\t\t<div class=\"elementor-column elementor-col-100 elementor-top-column elementor-element elementor-element-3445399\" data-id=\"3445399\" data-element_type=\"column\" data-e-type=\"column\">\n\t\t\t<div class=\"elementor-widget-wrap elementor-element-populated\">\n\t\t\t\t\t\t<div class=\"elementor-element elementor-element-a93e769 elementor-align-center elementor-widget elementor-widget-button\" data-id=\"a93e769\" data-element_type=\"widget\" data-e-type=\"widget\" data-widget_type=\"button.default\">\n\t\t\t\t<div class=\"elementor-widget-container\">\n\t\t\t\t\t\t\t\t\t<div class=\"elementor-button-wrapper\">\n\t\t\t\t\t<a class=\"elementor-button elementor-button-link elementor-size-md\" href=\"https:\/\/www.bbboeheimkirchen.at\/en\/#form\">\n\t\t\t\t\t\t<span class=\"elementor-button-content-wrapper\">\n\t\t\t\t\t\t\t\t\t<span class=\"elementor-button-text\">ANFRAGE STELLEN<\/span>\n\t\t\t\t\t<\/span>\n\t\t\t\t\t<\/a>\n\t\t\t\t<\/div>\n\t\t\t\t\t\t\t\t<\/div>\n\t\t\t\t<\/div>\n\t\t\t\t\t<\/div>\n\t\t<\/div>\n\t\t\t\t\t<\/div>\n\t\t<\/section>\n\t\t\t\t<section class=\"elementor-section elementor-top-section elementor-element elementor-element-f94912a elementor-section-boxed elementor-section-height-default elementor-section-height-default\" data-id=\"f94912a\" data-element_type=\"section\" data-e-type=\"section\">\n\t\t\t\t\t\t<div class=\"elementor-container elementor-column-gap-default\">\n\t\t\t\t\t<div class=\"elementor-column elementor-col-100 elementor-top-column elementor-element elementor-element-8efa87d\" data-id=\"8efa87d\" data-element_type=\"column\" data-e-type=\"column\">\n\t\t\t<div class=\"elementor-widget-wrap elementor-element-populated\">\n\t\t\t\t\t\t<div class=\"elementor-element elementor-element-8300f0d elementor-widget elementor-widget-text-editor\" data-id=\"8300f0d\" data-element_type=\"widget\" data-e-type=\"widget\" data-widget_type=\"text-editor.default\">\n\t\t\t\t<div class=\"elementor-widget-container\">\n\t\t\t\t\t\t\t\t\t<h3 style=\"font-family: Ubuntu, sans-serif; color: #151515; font-style: normal;\"><span style=\"color: #b5c3d9; font-family: inherit; font-size: inherit; font-style: inherit; font-weight: inherit;\">Anreise von deiner Unterkunft zum Frequency 2025<\/span><\/h3>\n<p class=\"MsoNormal\" style=\"font-family: Ubuntu, sans-serif; font-weight: 300; font-style: normal; color: #151515; font-size: 18px;\"><span style=\"color: inherit; font-family: inherit; font-size: inherit; font-style: inherit; font-weight: inherit;\">St. P\u00f6lten ist mit einem gro\u00dfen Bahnhof und einer Top-Lage an der Autobahn einfach zu erreichen. Die Anreise von deiner Unterkunft in B\u00f6heimkirchen zum Frequency Festival ist ganz einfach. Folgende M\u00f6glichkeiten hast du:<\/span><\/p>\n<h6 style=\"font-family: Ubuntu, sans-serif; color: #151515; font-style: normal;\"><u>By car<\/u><\/h6>\n<p class=\"MsoNormal\" style=\"font-family: Ubuntu, sans-serif; font-weight: 300; font-style: normal; color: #151515; font-size: 18px;\">Mit dem Auto bist du von B\u00f6heimkirchen in etwa in 15 Minuten am Frequency Festivalgel\u00e4nde \u2013 vor Ort sind normalerweise reichlich Parkpl\u00e4tze vorhanden. Auch beim Bed &amp; Breakfast Braunsteiner kannst du dein Auto problemlos und kostenlos abstellen.<\/p>\n<h6 style=\"font-family: Ubuntu, sans-serif; color: #151515; font-style: normal;\"><u>\u00d6ffentliche Anreise<\/u><\/h6>\n<p class=\"MsoNormal\" style=\"font-family: Ubuntu, sans-serif; font-weight: 300; font-style: normal; color: #151515; font-size: 18px;\">Du willst lieber \u00f6ffentlich von deiner Unterkunft zum Frequency fahren? Kein Problem! Von unserer Fr\u00fchst\u00fcckpension gehst du etwa 10 Minuten zu Fu\u00df zum Bahnhof B\u00f6heimkirchen \u2013 von dort fahren die \u00d6BB-Z\u00fcge an Werktagen alle 30 Minuten nach St. P\u00f6lten zum Hauptbahnhof. Die Fahrt dauert 10 Minuten. Am Hauptbahnhof St. P\u00f6lten steigst du einfach in einen Frequency-Shuttle Bus oder einen LUP-Bus von der Stadt St. P\u00f6lten. 10 &#8211; 15 Minuten sp\u00e4ter bist du schon am Festivalgel\u00e4nde.<\/p>\n<p class=\"MsoNormal\" style=\"font-family: Ubuntu, sans-serif; font-weight: 300; font-style: normal; color: #151515; font-size: 18px;\"><span style=\"font-weight: bold;\">Tipp:&nbsp;<\/span>Wir sind meist sehr fr\u00fch ausgebucht! Schicke und noch heute eine Anfrage f\u00fcr deine Unterkunft w\u00e4hrend des Frequency Festivals.&nbsp;<\/p>\t\t\t\t\t\t\t\t<\/div>\n\t\t\t\t<\/div>\n\t\t\t\t\t<\/div>\n\t\t<\/div>\n\t\t\t\t\t<\/div>\n\t\t<\/section>\n\t\t\t\t<\/div>","protected":false},"excerpt":{"rendered":"<p>Von 13. August \u2013 15. August 2025 steht wieder eines der gr\u00f6\u00dften Festivals des Landes an: das Frequency Festival in St. P\u00f6lten. Du liebst Musik, Tanzen und Feiern, doch hast keine Lust auf Camping, Glamping, Zelthotel und Co.? Dann \u00fcbernachte doch in einer ruhigen Fr\u00fchst\u00fcckpension abseits von jeglichem L\u00e4rm und Trubel. &hellip; <a href=\"https:\/\/www.bbboeheimkirchen.at\/en\/2025\/04\/09\/deine-uebernachtung-fuer-das-frequency-festival\/\">Read More<\/a><\/p>","protected":false},"author":1,"featured_media":601,"comment_status":"open","ping_status":"open","sticky":false,"template":"","format":"standard","meta":{"footnotes":""},"categories":[1],"tags":[28,27,26,25,24],"class_list":["post-600","post","type-post","status-publish","format-standard","has-post-thumbnail","hentry","category-events-und-tipps","tag-frequency-fruehstueckspension","tag-frequency-hostel","tag-frequency-hotel","tag-frequency-zimmer","tag-uebernachten-frequency"],"yoast_head":"<!-- This site is optimized with the Yoast SEO plugin v27.5 - https:\/\/yoast.com\/product\/yoast-seo-wordpress\/ -->\n<title>Deine \u00dcbernachtung f\u00fcr das Frequency Festival - Bed &amp; Breakfast Braunsteiner in B\u00f6heimkirchen<\/title>\n<meta name=\"description\" content=\"Das Bed &amp; Breakfast bietet Zimmer zum \u00dcbernachten in der N\u00e4he vom Frequency Festival in St. P\u00f6lten. Jetz anfragen!\" \/>\n<meta name=\"robots\" content=\"index, follow, max-snippet:-1, max-image-preview:large, max-video-preview:-1\" \/>\n<link rel=\"canonical\" href=\"https:\/\/www.bbboeheimkirchen.at\/en\/2025\/04\/09\/deine-uebernachtung-fuer-das-frequency-festival\/\" \/>\n<meta property=\"og:locale\" content=\"en_GB\" \/>\n<meta property=\"og:type\" content=\"article\" \/>\n<meta property=\"og:title\" content=\"Deine \u00dcbernachtung f\u00fcr das Frequency Festival - Bed &amp; Breakfast Braunsteiner in B\u00f6heimkirchen\" \/>\n<meta property=\"og:description\" content=\"Das Bed &amp; Breakfast bietet Zimmer zum \u00dcbernachten in der N\u00e4he vom Frequency Festival in St. P\u00f6lten. Jetz anfragen!\" \/>\n<meta property=\"og:url\" content=\"https:\/\/www.bbboeheimkirchen.at\/en\/2025\/04\/09\/deine-uebernachtung-fuer-das-frequency-festival\/\" \/>\n<meta property=\"og:site_name\" content=\"Bed &amp; Breakfast Braunsteiner in B\u00f6heimkirchen\" \/>\n<meta property=\"article:published_time\" content=\"2025-04-09T14:17:35+00:00\" \/>\n<meta property=\"article:modified_time\" content=\"2025-05-26T13:13:55+00:00\" \/>\n<meta property=\"og:image\" content=\"https:\/\/www.bbboeheimkirchen.at\/wp-content\/uploads\/2025\/04\/GUTSCHEIN-1024x726.png\" \/>\n\t<meta property=\"og:image:width\" content=\"1024\" \/>\n\t<meta property=\"og:image:height\" content=\"726\" \/>\n\t<meta property=\"og:image:type\" content=\"image\/png\" \/>\n<meta name=\"author\" content=\"bbb\" \/>\n<meta name=\"twitter:card\" content=\"summary_large_image\" \/>\n<meta name=\"twitter:label1\" content=\"Written by\" \/>\n\t<meta name=\"twitter:data1\" content=\"bbb\" \/>\n\t<meta name=\"twitter:label2\" content=\"Estimated reading time\" \/>\n\t<meta name=\"twitter:data2\" content=\"2 minutes\" \/>\n<script type=\"application\/ld+json\" class=\"yoast-schema-graph\">{\"@context\":\"https:\\\/\\\/schema.org\",\"@graph\":[{\"@type\":\"Article\",\"@id\":\"https:\\\/\\\/www.bbboeheimkirchen.at\\\/2025\\\/04\\\/09\\\/deine-uebernachtung-fuer-das-frequency-festival\\\/#article\",\"isPartOf\":{\"@id\":\"https:\\\/\\\/www.bbboeheimkirchen.at\\\/2025\\\/04\\\/09\\\/deine-uebernachtung-fuer-das-frequency-festival\\\/\"},\"author\":{\"name\":\"bbb\",\"@id\":\"https:\\\/\\\/www.bbboeheimkirchen.at\\\/#\\\/schema\\\/person\\\/70f03c6d405d64be03987c6426b22c26\"},\"headline\":\"Deine \u00dcbernachtung f\u00fcr das Frequency Festival\",\"datePublished\":\"2025-04-09T14:17:35+00:00\",\"dateModified\":\"2025-05-26T13:13:55+00:00\",\"mainEntityOfPage\":{\"@id\":\"https:\\\/\\\/www.bbboeheimkirchen.at\\\/2025\\\/04\\\/09\\\/deine-uebernachtung-fuer-das-frequency-festival\\\/\"},\"wordCount\":313,\"commentCount\":0,\"publisher\":{\"@id\":\"https:\\\/\\\/www.bbboeheimkirchen.at\\\/#organization\"},\"image\":{\"@id\":\"https:\\\/\\\/www.bbboeheimkirchen.at\\\/2025\\\/04\\\/09\\\/deine-uebernachtung-fuer-das-frequency-festival\\\/#primaryimage\"},\"thumbnailUrl\":\"https:\\\/\\\/www.bbboeheimkirchen.at\\\/wp-content\\\/uploads\\\/2025\\\/04\\\/GUTSCHEIN.png\",\"keywords\":[\"Frequency Fr\u00fchst\u00fcckspension\",\"Frequency Hostel\",\"Frequency Hotel\",\"Frequency Zimmer\",\"\u00dcbernachten Frequency\"],\"articleSection\":[\"Blog\"],\"inLanguage\":\"en-GB\",\"potentialAction\":[{\"@type\":\"CommentAction\",\"name\":\"Comment\",\"target\":[\"https:\\\/\\\/www.bbboeheimkirchen.at\\\/2025\\\/04\\\/09\\\/deine-uebernachtung-fuer-das-frequency-festival\\\/#respond\"]}]},{\"@type\":\"WebPage\",\"@id\":\"https:\\\/\\\/www.bbboeheimkirchen.at\\\/2025\\\/04\\\/09\\\/deine-uebernachtung-fuer-das-frequency-festival\\\/\",\"url\":\"https:\\\/\\\/www.bbboeheimkirchen.at\\\/2025\\\/04\\\/09\\\/deine-uebernachtung-fuer-das-frequency-festival\\\/\",\"name\":\"Deine \u00dcbernachtung f\u00fcr das Frequency Festival - Bed &amp; Breakfast Braunsteiner in B\u00f6heimkirchen\",\"isPartOf\":{\"@id\":\"https:\\\/\\\/www.bbboeheimkirchen.at\\\/#website\"},\"primaryImageOfPage\":{\"@id\":\"https:\\\/\\\/www.bbboeheimkirchen.at\\\/2025\\\/04\\\/09\\\/deine-uebernachtung-fuer-das-frequency-festival\\\/#primaryimage\"},\"image\":{\"@id\":\"https:\\\/\\\/www.bbboeheimkirchen.at\\\/2025\\\/04\\\/09\\\/deine-uebernachtung-fuer-das-frequency-festival\\\/#primaryimage\"},\"thumbnailUrl\":\"https:\\\/\\\/www.bbboeheimkirchen.at\\\/wp-content\\\/uploads\\\/2025\\\/04\\\/GUTSCHEIN.png\",\"datePublished\":\"2025-04-09T14:17:35+00:00\",\"dateModified\":\"2025-05-26T13:13:55+00:00\",\"description\":\"Das Bed & Breakfast bietet Zimmer zum \u00dcbernachten in der N\u00e4he vom Frequency Festival in St. P\u00f6lten. Jetz anfragen!\",\"breadcrumb\":{\"@id\":\"https:\\\/\\\/www.bbboeheimkirchen.at\\\/2025\\\/04\\\/09\\\/deine-uebernachtung-fuer-das-frequency-festival\\\/#breadcrumb\"},\"inLanguage\":\"en-GB\",\"potentialAction\":[{\"@type\":\"ReadAction\",\"target\":[\"https:\\\/\\\/www.bbboeheimkirchen.at\\\/2025\\\/04\\\/09\\\/deine-uebernachtung-fuer-das-frequency-festival\\\/\"]}]},{\"@type\":\"ImageObject\",\"inLanguage\":\"en-GB\",\"@id\":\"https:\\\/\\\/www.bbboeheimkirchen.at\\\/2025\\\/04\\\/09\\\/deine-uebernachtung-fuer-das-frequency-festival\\\/#primaryimage\",\"url\":\"https:\\\/\\\/www.bbboeheimkirchen.at\\\/wp-content\\\/uploads\\\/2025\\\/04\\\/GUTSCHEIN.png\",\"contentUrl\":\"https:\\\/\\\/www.bbboeheimkirchen.at\\\/wp-content\\\/uploads\\\/2025\\\/04\\\/GUTSCHEIN.png\",\"width\":1748,\"height\":1240,\"caption\":\"R\u00fcckansicht von zwei Frauen auf einem Festival\"},{\"@type\":\"BreadcrumbList\",\"@id\":\"https:\\\/\\\/www.bbboeheimkirchen.at\\\/2025\\\/04\\\/09\\\/deine-uebernachtung-fuer-das-frequency-festival\\\/#breadcrumb\",\"itemListElement\":[{\"@type\":\"ListItem\",\"position\":1,\"name\":\"Startseite\",\"item\":\"https:\\\/\\\/www.bbboeheimkirchen.at\\\/\"},{\"@type\":\"ListItem\",\"position\":2,\"name\":\"Frequency \u00dcbernachtung\"}]},{\"@type\":\"WebSite\",\"@id\":\"https:\\\/\\\/www.bbboeheimkirchen.at\\\/#website\",\"url\":\"https:\\\/\\\/www.bbboeheimkirchen.at\\\/\",\"name\":\"Bed & Breakfast Braunsteiner in B\u00f6heimkirchen\",\"description\":\"\",\"publisher\":{\"@id\":\"https:\\\/\\\/www.bbboeheimkirchen.at\\\/#organization\"},\"potentialAction\":[{\"@type\":\"SearchAction\",\"target\":{\"@type\":\"EntryPoint\",\"urlTemplate\":\"https:\\\/\\\/www.bbboeheimkirchen.at\\\/?s={search_term_string}\"},\"query-input\":{\"@type\":\"PropertyValueSpecification\",\"valueRequired\":true,\"valueName\":\"search_term_string\"}}],\"inLanguage\":\"en-GB\"},{\"@type\":\"Organization\",\"@id\":\"https:\\\/\\\/www.bbboeheimkirchen.at\\\/#organization\",\"name\":\"Bed & Breakfast Braunsteiner in B\u00f6heimkirchen\",\"url\":\"https:\\\/\\\/www.bbboeheimkirchen.at\\\/\",\"logo\":{\"@type\":\"ImageObject\",\"inLanguage\":\"en-GB\",\"@id\":\"https:\\\/\\\/www.bbboeheimkirchen.at\\\/#\\\/schema\\\/logo\\\/image\\\/\",\"url\":\"https:\\\/\\\/www.bbboeheimkirchen.at\\\/wp-content\\\/uploads\\\/2024\\\/05\\\/Schlafzimmer2-1.jpg\",\"contentUrl\":\"https:\\\/\\\/www.bbboeheimkirchen.at\\\/wp-content\\\/uploads\\\/2024\\\/05\\\/Schlafzimmer2-1.jpg\",\"width\":1200,\"height\":900,\"caption\":\"Bed & Breakfast Braunsteiner in B\u00f6heimkirchen\"},\"image\":{\"@id\":\"https:\\\/\\\/www.bbboeheimkirchen.at\\\/#\\\/schema\\\/logo\\\/image\\\/\"}},{\"@type\":\"Person\",\"@id\":\"https:\\\/\\\/www.bbboeheimkirchen.at\\\/#\\\/schema\\\/person\\\/70f03c6d405d64be03987c6426b22c26\",\"name\":\"bbb\",\"image\":{\"@type\":\"ImageObject\",\"inLanguage\":\"en-GB\",\"@id\":\"https:\\\/\\\/secure.gravatar.com\\\/avatar\\\/b92ad3d03621fda7849ed7d717cadf19d85243afc0e237cc75f6eb1b99663859?s=96&d=mm&r=g\",\"url\":\"https:\\\/\\\/secure.gravatar.com\\\/avatar\\\/b92ad3d03621fda7849ed7d717cadf19d85243afc0e237cc75f6eb1b99663859?s=96&d=mm&r=g\",\"contentUrl\":\"https:\\\/\\\/secure.gravatar.com\\\/avatar\\\/b92ad3d03621fda7849ed7d717cadf19d85243afc0e237cc75f6eb1b99663859?s=96&d=mm&r=g\",\"caption\":\"bbb\"},\"sameAs\":[\"https:\\\/\\\/bbb.svenso.app\"],\"url\":\"https:\\\/\\\/www.bbboeheimkirchen.at\\\/en\\\/author\\\/bbb\\\/\"}]}<\/script>\n<!-- \/ Yoast SEO plugin. -->","yoast_head_json":{"title":"Deine \u00dcbernachtung f\u00fcr das Frequency Festival - Bed &amp; Breakfast Braunsteiner in B\u00f6heimkirchen","description":"Das Bed & Breakfast bietet Zimmer zum \u00dcbernachten in der N\u00e4he vom Frequency Festival in St. P\u00f6lten. Jetz anfragen!","robots":{"index":"index","follow":"follow","max-snippet":"max-snippet:-1","max-image-preview":"max-image-preview:large","max-video-preview":"max-video-preview:-1"},"canonical":"https:\/\/www.bbboeheimkirchen.at\/en\/2025\/04\/09\/deine-uebernachtung-fuer-das-frequency-festival\/","og_locale":"en_GB","og_type":"article","og_title":"Deine \u00dcbernachtung f\u00fcr das Frequency Festival - Bed &amp; Breakfast Braunsteiner in B\u00f6heimkirchen","og_description":"Das Bed & Breakfast bietet Zimmer zum \u00dcbernachten in der N\u00e4he vom Frequency Festival in St. P\u00f6lten. Jetz anfragen!","og_url":"https:\/\/www.bbboeheimkirchen.at\/en\/2025\/04\/09\/deine-uebernachtung-fuer-das-frequency-festival\/","og_site_name":"Bed &amp; Breakfast Braunsteiner in B\u00f6heimkirchen","article_published_time":"2025-04-09T14:17:35+00:00","article_modified_time":"2025-05-26T13:13:55+00:00","og_image":[{"width":1024,"height":726,"url":"https:\/\/www.bbboeheimkirchen.at\/wp-content\/uploads\/2025\/04\/GUTSCHEIN-1024x726.png","type":"image\/png"}],"author":"bbb","twitter_card":"summary_large_image","twitter_misc":{"Written by":"bbb","Estimated reading time":"2 minutes"},"schema":{"@context":"https:\/\/schema.org","@graph":[{"@type":"Article","@id":"https:\/\/www.bbboeheimkirchen.at\/2025\/04\/09\/deine-uebernachtung-fuer-das-frequency-festival\/#article","isPartOf":{"@id":"https:\/\/www.bbboeheimkirchen.at\/2025\/04\/09\/deine-uebernachtung-fuer-das-frequency-festival\/"},"author":{"name":"bbb","@id":"https:\/\/www.bbboeheimkirchen.at\/#\/schema\/person\/70f03c6d405d64be03987c6426b22c26"},"headline":"Deine \u00dcbernachtung f\u00fcr das Frequency Festival","datePublished":"2025-04-09T14:17:35+00:00","dateModified":"2025-05-26T13:13:55+00:00","mainEntityOfPage":{"@id":"https:\/\/www.bbboeheimkirchen.at\/2025\/04\/09\/deine-uebernachtung-fuer-das-frequency-festival\/"},"wordCount":313,"commentCount":0,"publisher":{"@id":"https:\/\/www.bbboeheimkirchen.at\/#organization"},"image":{"@id":"https:\/\/www.bbboeheimkirchen.at\/2025\/04\/09\/deine-uebernachtung-fuer-das-frequency-festival\/#primaryimage"},"thumbnailUrl":"https:\/\/www.bbboeheimkirchen.at\/wp-content\/uploads\/2025\/04\/GUTSCHEIN.png","keywords":["Frequency Fr\u00fchst\u00fcckspension","Frequency Hostel","Frequency Hotel","Frequency Zimmer","\u00dcbernachten Frequency"],"articleSection":["Blog"],"inLanguage":"en-GB","potentialAction":[{"@type":"CommentAction","name":"Comment","target":["https:\/\/www.bbboeheimkirchen.at\/2025\/04\/09\/deine-uebernachtung-fuer-das-frequency-festival\/#respond"]}]},{"@type":"WebPage","@id":"https:\/\/www.bbboeheimkirchen.at\/2025\/04\/09\/deine-uebernachtung-fuer-das-frequency-festival\/","url":"https:\/\/www.bbboeheimkirchen.at\/2025\/04\/09\/deine-uebernachtung-fuer-das-frequency-festival\/","name":"Deine \u00dcbernachtung f\u00fcr das Frequency Festival - Bed &amp; Breakfast Braunsteiner in B\u00f6heimkirchen","isPartOf":{"@id":"https:\/\/www.bbboeheimkirchen.at\/#website"},"primaryImageOfPage":{"@id":"https:\/\/www.bbboeheimkirchen.at\/2025\/04\/09\/deine-uebernachtung-fuer-das-frequency-festival\/#primaryimage"},"image":{"@id":"https:\/\/www.bbboeheimkirchen.at\/2025\/04\/09\/deine-uebernachtung-fuer-das-frequency-festival\/#primaryimage"},"thumbnailUrl":"https:\/\/www.bbboeheimkirchen.at\/wp-content\/uploads\/2025\/04\/GUTSCHEIN.png","datePublished":"2025-04-09T14:17:35+00:00","dateModified":"2025-05-26T13:13:55+00:00","description":"Das Bed & Breakfast bietet Zimmer zum \u00dcbernachten in der N\u00e4he vom Frequency Festival in St. P\u00f6lten. Jetz anfragen!","breadcrumb":{"@id":"https:\/\/www.bbboeheimkirchen.at\/2025\/04\/09\/deine-uebernachtung-fuer-das-frequency-festival\/#breadcrumb"},"inLanguage":"en-GB","potentialAction":[{"@type":"ReadAction","target":["https:\/\/www.bbboeheimkirchen.at\/2025\/04\/09\/deine-uebernachtung-fuer-das-frequency-festival\/"]}]},{"@type":"ImageObject","inLanguage":"en-GB","@id":"https:\/\/www.bbboeheimkirchen.at\/2025\/04\/09\/deine-uebernachtung-fuer-das-frequency-festival\/#primaryimage","url":"https:\/\/www.bbboeheimkirchen.at\/wp-content\/uploads\/2025\/04\/GUTSCHEIN.png","contentUrl":"https:\/\/www.bbboeheimkirchen.at\/wp-content\/uploads\/2025\/04\/GUTSCHEIN.png","width":1748,"height":1240,"caption":"R\u00fcckansicht von zwei Frauen auf einem Festival"},{"@type":"BreadcrumbList","@id":"https:\/\/www.bbboeheimkirchen.at\/2025\/04\/09\/deine-uebernachtung-fuer-das-frequency-festival\/#breadcrumb","itemListElement":[{"@type":"ListItem","position":1,"name":"Startseite","item":"https:\/\/www.bbboeheimkirchen.at\/"},{"@type":"ListItem","position":2,"name":"Frequency \u00dcbernachtung"}]},{"@type":"WebSite","@id":"https:\/\/www.bbboeheimkirchen.at\/#website","url":"https:\/\/www.bbboeheimkirchen.at\/","name":"Bed & Breakfast Braunsteiner in B\u00f6heimkirchen","description":"","publisher":{"@id":"https:\/\/www.bbboeheimkirchen.at\/#organization"},"potentialAction":[{"@type":"SearchAction","target":{"@type":"EntryPoint","urlTemplate":"https:\/\/www.bbboeheimkirchen.at\/?s={search_term_string}"},"query-input":{"@type":"PropertyValueSpecification","valueRequired":true,"valueName":"search_term_string"}}],"inLanguage":"en-GB"},{"@type":"Organization","@id":"https:\/\/www.bbboeheimkirchen.at\/#organization","name":"Bed & Breakfast Braunsteiner in B\u00f6heimkirchen","url":"https:\/\/www.bbboeheimkirchen.at\/","logo":{"@type":"ImageObject","inLanguage":"en-GB","@id":"https:\/\/www.bbboeheimkirchen.at\/#\/schema\/logo\/image\/","url":"https:\/\/www.bbboeheimkirchen.at\/wp-content\/uploads\/2024\/05\/Schlafzimmer2-1.jpg","contentUrl":"https:\/\/www.bbboeheimkirchen.at\/wp-content\/uploads\/2024\/05\/Schlafzimmer2-1.jpg","width":1200,"height":900,"caption":"Bed & Breakfast Braunsteiner in B\u00f6heimkirchen"},"image":{"@id":"https:\/\/www.bbboeheimkirchen.at\/#\/schema\/logo\/image\/"}},{"@type":"Person","@id":"https:\/\/www.bbboeheimkirchen.at\/#\/schema\/person\/70f03c6d405d64be03987c6426b22c26","name":"bbb","image":{"@type":"ImageObject","inLanguage":"en-GB","@id":"https:\/\/secure.gravatar.com\/avatar\/b92ad3d03621fda7849ed7d717cadf19d85243afc0e237cc75f6eb1b99663859?s=96&d=mm&r=g","url":"https:\/\/secure.gravatar.com\/avatar\/b92ad3d03621fda7849ed7d717cadf19d85243afc0e237cc75f6eb1b99663859?s=96&d=mm&r=g","contentUrl":"https:\/\/secure.gravatar.com\/avatar\/b92ad3d03621fda7849ed7d717cadf19d85243afc0e237cc75f6eb1b99663859?s=96&d=mm&r=g","caption":"bbb"},"sameAs":["https:\/\/bbb.svenso.app"],"url":"https:\/\/www.bbboeheimkirchen.at\/en\/author\/bbb\/"}]}},"_links":{"self":[{"href":"https:\/\/www.bbboeheimkirchen.at\/en\/wp-json\/wp\/v2\/posts\/600","targetHints":{"allow":["GET"]}}],"collection":[{"href":"https:\/\/www.bbboeheimkirchen.at\/en\/wp-json\/wp\/v2\/posts"}],"about":[{"href":"https:\/\/www.bbboeheimkirchen.at\/en\/wp-json\/wp\/v2\/types\/post"}],"author":[{"embeddable":true,"href":"https:\/\/www.bbboeheimkirchen.at\/en\/wp-json\/wp\/v2\/users\/1"}],"replies":[{"embeddable":true,"href":"https:\/\/www.bbboeheimkirchen.at\/en\/wp-json\/wp\/v2\/comments?post=600"}],"version-history":[{"count":20,"href":"https:\/\/www.bbboeheimkirchen.at\/en\/wp-json\/wp\/v2\/posts\/600\/revisions"}],"predecessor-version":[{"id":863,"href":"https:\/\/www.bbboeheimkirchen.at\/en\/wp-json\/wp\/v2\/posts\/600\/revisions\/863"}],"wp:featuredmedia":[{"embeddable":true,"href":"https:\/\/www.bbboeheimkirchen.at\/en\/wp-json\/wp\/v2\/media\/601"}],"wp:attachment":[{"href":"https:\/\/www.bbboeheimkirchen.at\/en\/wp-json\/wp\/v2\/media?parent=600"}],"wp:term":[{"taxonomy":"category","embeddable":true,"href":"https:\/\/www.bbboeheimkirchen.at\/en\/wp-json\/wp\/v2\/categories?post=600"},{"taxonomy":"post_tag","embeddable":true,"href":"https:\/\/www.bbboeheimkirchen.at\/en\/wp-json\/wp\/v2\/tags?post=600"}],"curies":[{"name":"wp","href":"https:\/\/api.w.org\/{rel}","templated":true}]}}